{"id":837,"date":"2020-09-19T23:52:22","date_gmt":"2020-09-19T21:52:22","guid":{"rendered":"https:\/\/blog.mkoermer.de\/?p=837"},"modified":"2020-09-19T23:53:09","modified_gmt":"2020-09-19T21:53:09","slug":"bundestag-beschliesst-recht-auf-ladepunkt-und-glasfaser","status":"publish","type":"post","link":"https:\/\/blog.mkoermer.de\/?p=837","title":{"rendered":"Bundestag beschlie\u00dft Recht auf Ladepunkt und Glasfaser"},"content":{"rendered":"\n<h1 class=\"wp-block-heading\">K\u00fcnftig kann ein einzelner Wohnungseigent\u00fcmer den Einbau einer Ladem\u00f6glichkeit f\u00fcr E-Autos oder eines Glasfaseranschluss auf eigene Kosten verlangen.<\/h1>\n\n\n\n<!--more-->\n\n\n\n<p>Jetzt ist es amtlich &#8211; Wohnungseigent\u00fcmer haben einen Anrecht auf eine Ladem\u00f6glichkeit f\u00fcr E-Autos.<\/p>\n\n\n\n<p>Gerade bei Wohnungsgesellschaften hat man immer das Problem, dass man als Mieter oder Eigent\u00fcmer zwar gerne ein E-Auto haben m\u00f6chte, aber die M\u00f6glichkeit zu Hause zu laden verwehrt wurde.<\/p>\n\n\n\n<p>Es bleibt spannend!<\/p>\n\n\n\n<p>mehr Infos hier &#8211; <a href=\"https:\/\/www.heise.de\/news\/Bundestag-beschliesst-Recht-auf-Ladepunkt-und-Glasfaser-4905134.html\">hier klicken &#8211; Link zu heise.de<\/a><\/p>\n","protected":false},"excerpt":{"rendered":"<p>K\u00fcnftig kann ein einzelner Wohnungseigent\u00fcmer den Einbau einer Ladem\u00f6glichkeit f\u00fcr E-Autos oder eines Glasfaseranschluss auf eigene Kosten verlangen.<\/p>\n","protected":false},"author":1,"featured_media":0,"comment_status":"closed","ping_status":"closed","sticky":false,"template":"","format":"standard","meta":{"_jetpack_memberships_contains_paid_content":false,"footnotes":""},"categories":[266,4],"tags":[217,494],"class_list":["post-837","post","type-post","status-publish","format-standard","hentry","category-e-mobilitaet","category-et","tag-elektromobilitaet","tag-ladeinfrastruktur"],"jetpack_featured_media_url":"","jetpack_sharing_enabled":true,"_links":{"self":[{"href":"https:\/\/blog.mkoermer.de\/index.php?rest_route=\/wp\/v2\/posts\/837","targetHints":{"allow":["GET"]}}],"collection":[{"href":"https:\/\/blog.mkoermer.de\/index.php?rest_route=\/wp\/v2\/posts"}],"about":[{"href":"https:\/\/blog.mkoermer.de\/index.php?rest_route=\/wp\/v2\/types\/post"}],"author":[{"embeddable":true,"href":"https:\/\/blog.mkoermer.de\/index.php?rest_route=\/wp\/v2\/users\/1"}],"replies":[{"embeddable":true,"href":"https:\/\/blog.mkoermer.de\/index.php?rest_route=%2Fwp%2Fv2%2Fcomments&post=837"}],"version-history":[{"count":2,"href":"https:\/\/blog.mkoermer.de\/index.php?rest_route=\/wp\/v2\/posts\/837\/revisions"}],"predecessor-version":[{"id":839,"href":"https:\/\/blog.mkoermer.de\/index.php?rest_route=\/wp\/v2\/posts\/837\/revisions\/839"}],"wp:attachment":[{"href":"https:\/\/blog.mkoermer.de\/index.php?rest_route=%2Fwp%2Fv2%2Fmedia&parent=837"}],"wp:term":[{"taxonomy":"category","embeddable":true,"href":"https:\/\/blog.mkoermer.de\/index.php?rest_route=%2Fwp%2Fv2%2Fcategories&post=837"},{"taxonomy":"post_tag","embeddable":true,"href":"https:\/\/blog.mkoermer.de\/index.php?rest_route=%2Fwp%2Fv2%2Ftags&post=837"}],"curies":[{"name":"wp","href":"https:\/\/api.w.org\/{rel}","templated":true}]}}